{"id":1233,"date":"2023-05-05T10:44:57","date_gmt":"2023-05-05T08:44:57","guid":{"rendered":"https:\/\/erasmus.eoiestepona.org\/?p=1233"},"modified":"2023-05-05T10:54:43","modified_gmt":"2023-05-05T08:54:43","slug":"visita-de-profesorado-turco","status":"publish","type":"post","link":"https:\/\/erasmus.eoiestepona.org\/?p=1233","title":{"rendered":"Visita de profesorado turco"},"content":{"rendered":"<p>Los d\u00edas 5 y 6 de mayo la Escuela Oficial de Idiomas de Estepona recibe una visita preparatoria de docentes de KOCAEL\u0130 M\u0130LL\u0130 E\u011e\u0130T\u0130M M\u00dcD\u00dcRL\u00dc\u011e\u00dc, Turqu\u00eda dentro del proyecto Erasmus+ 2022-1-TR01-KA121-ADU-000066914.<\/p>\n<p>Se trata de una visita para organizar y planificar las actividades que dentro de unas semanas tendr\u00e1 el alumnado turco que nos visita.<\/p>\n<p>Es una gran ocasi\u00f3n para dar a conocer nuestra escuela y c\u00f3mo se imparten los idiomas en nuestro centro.<\/p>\n<p>Seguimos con nuestro mes Eramus+ recibiendo docentes y alumnado de otras instituciones educativas europeas y dando a conocer nuestras ense\u00f1anzas.<\/p>\n<p><img loading=\"lazy\" decoding=\"async\" class=\"aligncenter size-medium wp-image-1224\" src=\"https:\/\/erasmus.eoiestepona.org\/wp-content\/uploads\/2023\/04\/mes-212x300.jpg\" alt=\"\" width=\"212\" height=\"300\" srcset=\"https:\/\/erasmus.eoiestepona.org\/wp-content\/uploads\/2023\/04\/mes-212x300.jpg 212w, https:\/\/erasmus.eoiestepona.org\/wp-content\/uploads\/2023\/04\/mes-724x1024.jpg 724w, https:\/\/erasmus.eoiestepona.org\/wp-content\/uploads\/2023\/04\/mes-768x1086.jpg 768w, https:\/\/erasmus.eoiestepona.org\/wp-content\/uploads\/2023\/04\/mes-1086x1536.jpg 1086w, https:\/\/erasmus.eoiestepona.org\/wp-content\/uploads\/2023\/04\/mes-1448x2048.jpg 1448w, https:\/\/erasmus.eoiestepona.org\/wp-content\/uploads\/2023\/04\/mes.jpg 1587w\" sizes=\"auto, (max-width: 212px) 100vw, 212px\" \/><\/p>\n","protected":false},"excerpt":{"rendered":"<p>Los d\u00edas 5 y 6 de mayo la Escuela Oficial de Idiomas de Estepona recibe una visita preparatoria de docentes de KOCAEL\u0130 M\u0130LL\u0130 E\u011e\u0130T\u0130M M\u00dcD\u00dcRL\u00dc\u011e\u00dc, Turqu\u00eda dentro del proyecto Erasmus+ 2022-1-TR01-KA121-ADU-000066914. Se trata de una visita para organizar y planificar las actividades que dentro de unas semanas tendr\u00e1 el alumnado turco que nos visita. Es [&hellip;]<\/p>\n","protected":false},"author":1,"featured_media":1224,"comment_status":"closed","ping_status":"closed","sticky":false,"template":"","format":"standard","meta":{"footnotes":""},"categories":[4],"tags":[13,7,11,14,17],"class_list":["post-1233","post","type-post","status-publish","format-standard","has-post-thumbnail","hentry","category-escuela","tag-eeooii","tag-eoiestepona","tag-erasmusplus","tag-estepona","tag-sepie"],"jetpack_featured_media_url":"https:\/\/erasmus.eoiestepona.org\/wp-content\/uploads\/2023\/04\/mes.jpg","_links":{"self":[{"href":"https:\/\/erasmus.eoiestepona.org\/index.php?rest_route=\/wp\/v2\/posts\/1233","targetHints":{"allow":["GET"]}}],"collection":[{"href":"https:\/\/erasmus.eoiestepona.org\/index.php?rest_route=\/wp\/v2\/posts"}],"about":[{"href":"https:\/\/erasmus.eoiestepona.org\/index.php?rest_route=\/wp\/v2\/types\/post"}],"author":[{"embeddable":true,"href":"https:\/\/erasmus.eoiestepona.org\/index.php?rest_route=\/wp\/v2\/users\/1"}],"replies":[{"embeddable":true,"href":"https:\/\/erasmus.eoiestepona.org\/index.php?rest_route=%2Fwp%2Fv2%2Fcomments&post=1233"}],"version-history":[{"count":1,"href":"https:\/\/erasmus.eoiestepona.org\/index.php?rest_route=\/wp\/v2\/posts\/1233\/revisions"}],"predecessor-version":[{"id":1234,"href":"https:\/\/erasmus.eoiestepona.org\/index.php?rest_route=\/wp\/v2\/posts\/1233\/revisions\/1234"}],"wp:featuredmedia":[{"embeddable":true,"href":"https:\/\/erasmus.eoiestepona.org\/index.php?rest_route=\/wp\/v2\/media\/1224"}],"wp:attachment":[{"href":"https:\/\/erasmus.eoiestepona.org\/index.php?rest_route=%2Fwp%2Fv2%2Fmedia&parent=1233"}],"wp:term":[{"taxonomy":"category","embeddable":true,"href":"https:\/\/erasmus.eoiestepona.org\/index.php?rest_route=%2Fwp%2Fv2%2Fcategories&post=1233"},{"taxonomy":"post_tag","embeddable":true,"href":"https:\/\/erasmus.eoiestepona.org\/index.php?rest_route=%2Fwp%2Fv2%2Ftags&post=1233"}],"curies":[{"name":"wp","href":"https:\/\/api.w.org\/{rel}","templated":true}]}}