{"id":1244,"date":"2023-05-06T19:06:19","date_gmt":"2023-05-06T17:06:19","guid":{"rendered":"https:\/\/erasmus.eoiestepona.org\/?p=1244"},"modified":"2023-05-05T19:17:32","modified_gmt":"2023-05-05T17:17:32","slug":"1244","status":"publish","type":"post","link":"https:\/\/erasmus.eoiestepona.org\/?p=1244","title":{"rendered":"Representantes de Turqu\u00eda en la EOI Estepona"},"content":{"rendered":"<p>Representantes de la Direcci\u00f3n de Educaci\u00f3n Nacional de la Provincia de Kocaeli de Turqu\u00eda se han reunido con el director de la EOI Estepona, Juan Ortiz y con su coordinadora Erasmus+, Ana Flores, estos d\u00edas para ultimar los detalles de la pr\u00f3xima actividad que realizar\u00e1 un grupo de 4 alumnas en nuestro centro en las pr\u00f3ximas semanas.<\/p>\n<p>Esta regi\u00f3n abarca 278 centros educativos con casi 5.000 profesores y m\u00e1s de 70.000 alumnos. seg\u00fan nos han explicado los expertos de proyectos que nos han visitado.\u00a0 Durante esta semana est\u00e1n realizando diversas reuniones con centros de nuestra comunidad con el fin de establecer contactos y ver la viabilidad de proyectos en funci\u00f3n del centro.\u00a0 Han mostrado su gran inter\u00e9s en nuestra escuela por la singularidad de las Escuelas Oficiales de Idiomas dentro de las ense\u00f1anzas p\u00fablicas ya que no tienen en su pa\u00eds centros especializados en lenguas extranjeras como el nuestro.<\/p>\n<p>Durante las reuniones nos han mostrado su disposici\u00f3n a trabajar junto con la EOI Estepona para proyectos futuros ya que somos centro acreditado Erasmus+. Dentro de estos futuros planes, se han tratado la posiblidad de realizar :<\/p>\n<ul>\n<li>per\u00edodos de observaci\u00f3n para el profesorado con el fin de conocer nuestra forma de trabajar y nuestro sistema de ense\u00f1anza<\/li>\n<li>visitas de grupos de alumnos para que participen con nuestro alumnado en clases de idiomas<\/li>\n<li>impartici\u00f3n de talleres de lengua turca por profesorado de su pa\u00eds en la EOI Estepona<\/li>\n<li>invitaci\u00f3n del profesorado de la EOI Estepona como experto en nuevas metodolog\u00edas<\/li>\n<li>per\u00edodos de observaci\u00f3n de nuestro profesorado en las instituciones de su zona<\/li>\n<\/ul>\n<p>Ha sido\u00a0 la ocasi\u00f3n de conocer las ense\u00f1anzas formales e informales en la EOI Estepona as\u00ed c\u00f3mo nuestras instalaciones y nuestro entorno.<\/p>\n<p><img loading=\"lazy\" decoding=\"async\" class=\"aligncenter wp-image-1246 size-large\" src=\"https:\/\/erasmus.eoiestepona.org\/wp-content\/uploads\/2023\/05\/kocaeli-1024x1024.jpg\" alt=\"\" width=\"1024\" height=\"1024\" srcset=\"https:\/\/erasmus.eoiestepona.org\/wp-content\/uploads\/2023\/05\/kocaeli-1024x1024.jpg 1024w, https:\/\/erasmus.eoiestepona.org\/wp-content\/uploads\/2023\/05\/kocaeli-300x300.jpg 300w, https:\/\/erasmus.eoiestepona.org\/wp-content\/uploads\/2023\/05\/kocaeli-150x150.jpg 150w, https:\/\/erasmus.eoiestepona.org\/wp-content\/uploads\/2023\/05\/kocaeli-768x768.jpg 768w, https:\/\/erasmus.eoiestepona.org\/wp-content\/uploads\/2023\/05\/kocaeli-1536x1536.jpg 1536w, https:\/\/erasmus.eoiestepona.org\/wp-content\/uploads\/2023\/05\/kocaeli-2048x2048.jpg 2048w\" sizes=\"auto, (max-width: 1024px) 100vw, 1024px\" \/><\/p>\n<p>La Escuela Oficial de Idiomas de Estepona con esta visita preparatoria, sigue con su mes Erasmus+, un mes lleno de actividades con diferentes centros educativos europeos y con alumnado de diversas instituciones. De esta manera la EOI Estepona busca promover la movilidad educativa de alumnado y profesorado, as\u00ed como la cooperaci\u00f3n, la calidad, la inclusi\u00f3n, la excelencia, la creatividad y la innovaci\u00f3n como se marca en el Programa.<\/p>\n","protected":false},"excerpt":{"rendered":"<p>Representantes de la Direcci\u00f3n de Educaci\u00f3n Nacional de la Provincia de Kocaeli de Turqu\u00eda se han reunido con el director de la EOI Estepona, Juan Ortiz y con su coordinadora Erasmus+, Ana Flores, estos d\u00edas para ultimar los detalles de la pr\u00f3xima actividad que realizar\u00e1 un grupo de 4 alumnas en nuestro centro en las [&hellip;]<\/p>\n","protected":false},"author":1,"featured_media":1246,"comment_status":"closed","ping_status":"closed","sticky":false,"template":"","format":"standard","meta":{"footnotes":""},"categories":[4],"tags":[9,7,11,14,28],"class_list":["post-1244","post","type-post","status-publish","format-standard","has-post-thumbnail","hentry","category-escuela","tag-eoi","tag-eoiestepona","tag-erasmusplus","tag-estepona","tag-haciendoeuropa"],"jetpack_featured_media_url":"https:\/\/erasmus.eoiestepona.org\/wp-content\/uploads\/2023\/05\/kocaeli-scaled.jpg","_links":{"self":[{"href":"https:\/\/erasmus.eoiestepona.org\/index.php?rest_route=\/wp\/v2\/posts\/1244","targetHints":{"allow":["GET"]}}],"collection":[{"href":"https:\/\/erasmus.eoiestepona.org\/index.php?rest_route=\/wp\/v2\/posts"}],"about":[{"href":"https:\/\/erasmus.eoiestepona.org\/index.php?rest_route=\/wp\/v2\/types\/post"}],"author":[{"embeddable":true,"href":"https:\/\/erasmus.eoiestepona.org\/index.php?rest_route=\/wp\/v2\/users\/1"}],"replies":[{"embeddable":true,"href":"https:\/\/erasmus.eoiestepona.org\/index.php?rest_route=%2Fwp%2Fv2%2Fcomments&post=1244"}],"version-history":[{"count":5,"href":"https:\/\/erasmus.eoiestepona.org\/index.php?rest_route=\/wp\/v2\/posts\/1244\/revisions"}],"predecessor-version":[{"id":1250,"href":"https:\/\/erasmus.eoiestepona.org\/index.php?rest_route=\/wp\/v2\/posts\/1244\/revisions\/1250"}],"wp:featuredmedia":[{"embeddable":true,"href":"https:\/\/erasmus.eoiestepona.org\/index.php?rest_route=\/wp\/v2\/media\/1246"}],"wp:attachment":[{"href":"https:\/\/erasmus.eoiestepona.org\/index.php?rest_route=%2Fwp%2Fv2%2Fmedia&parent=1244"}],"wp:term":[{"taxonomy":"category","embeddable":true,"href":"https:\/\/erasmus.eoiestepona.org\/index.php?rest_route=%2Fwp%2Fv2%2Fcategories&post=1244"},{"taxonomy":"post_tag","embeddable":true,"href":"https:\/\/erasmus.eoiestepona.org\/index.php?rest_route=%2Fwp%2Fv2%2Ftags&post=1244"}],"curies":[{"name":"wp","href":"https:\/\/api.w.org\/{rel}","templated":true}]}}