{"id":1251,"date":"2023-05-09T10:00:43","date_gmt":"2023-05-09T08:00:43","guid":{"rendered":"https:\/\/erasmus.eoiestepona.org\/?p=1251"},"modified":"2023-05-09T10:00:43","modified_gmt":"2023-05-09T08:00:43","slug":"dia-de-europa","status":"publish","type":"post","link":"https:\/\/erasmus.eoiestepona.org\/?p=1251","title":{"rendered":"D\u00eda de Europa"},"content":{"rendered":"<p>Hoy, 9 de mayo, es el d\u00eda de Europa donde celebramos la paz y la unidad de Europa en recuerdo a la Declaraci\u00f3n Schuman. Desde la EOI Estepona nos unimos a esta fiesta con nuestro mes Erasmus+ con proyectos y actividades con diferentes pa\u00edses europeos ya que la cooperaci\u00f3n entre instituciones educativas europeas es una excelente manera de construir Europa.<br \/>\n\u00a1Feliz d\u00eda de Europa!<br \/>\n<img loading=\"lazy\" decoding=\"async\" class=\"aligncenter size-medium wp-image-1252\" src=\"https:\/\/erasmus.eoiestepona.org\/wp-content\/uploads\/2023\/05\/Copia-de-mes-212x300.jpg\" alt=\"\" width=\"212\" height=\"300\" srcset=\"https:\/\/erasmus.eoiestepona.org\/wp-content\/uploads\/2023\/05\/Copia-de-mes-212x300.jpg 212w, https:\/\/erasmus.eoiestepona.org\/wp-content\/uploads\/2023\/05\/Copia-de-mes-724x1024.jpg 724w, https:\/\/erasmus.eoiestepona.org\/wp-content\/uploads\/2023\/05\/Copia-de-mes-768x1086.jpg 768w, https:\/\/erasmus.eoiestepona.org\/wp-content\/uploads\/2023\/05\/Copia-de-mes-1086x1536.jpg 1086w, https:\/\/erasmus.eoiestepona.org\/wp-content\/uploads\/2023\/05\/Copia-de-mes-1448x2048.jpg 1448w, https:\/\/erasmus.eoiestepona.org\/wp-content\/uploads\/2023\/05\/Copia-de-mes.jpg 1587w\" sizes=\"auto, (max-width: 212px) 100vw, 212px\" \/><\/p>\n","protected":false},"excerpt":{"rendered":"<p>Hoy, 9 de mayo, es el d\u00eda de Europa donde celebramos la paz y la unidad de Europa en recuerdo a la Declaraci\u00f3n Schuman. Desde la EOI Estepona nos unimos a esta fiesta con nuestro mes Erasmus+ con proyectos y actividades con diferentes pa\u00edses europeos ya que la cooperaci\u00f3n entre instituciones educativas europeas es una [&hellip;]<\/p>\n","protected":false},"author":1,"featured_media":1252,"comment_status":"closed","ping_status":"closed","sticky":false,"template":"","format":"standard","meta":{"footnotes":""},"categories":[4],"tags":[13,7,11,14,29],"class_list":["post-1251","post","type-post","status-publish","format-standard","has-post-thumbnail","hentry","category-escuela","tag-eeooii","tag-eoiestepona","tag-erasmusplus","tag-estepona","tag-europeday"],"jetpack_featured_media_url":"https:\/\/erasmus.eoiestepona.org\/wp-content\/uploads\/2023\/05\/Copia-de-mes.jpg","_links":{"self":[{"href":"https:\/\/erasmus.eoiestepona.org\/index.php?rest_route=\/wp\/v2\/posts\/1251","targetHints":{"allow":["GET"]}}],"collection":[{"href":"https:\/\/erasmus.eoiestepona.org\/index.php?rest_route=\/wp\/v2\/posts"}],"about":[{"href":"https:\/\/erasmus.eoiestepona.org\/index.php?rest_route=\/wp\/v2\/types\/post"}],"author":[{"embeddable":true,"href":"https:\/\/erasmus.eoiestepona.org\/index.php?rest_route=\/wp\/v2\/users\/1"}],"replies":[{"embeddable":true,"href":"https:\/\/erasmus.eoiestepona.org\/index.php?rest_route=%2Fwp%2Fv2%2Fcomments&post=1251"}],"version-history":[{"count":1,"href":"https:\/\/erasmus.eoiestepona.org\/index.php?rest_route=\/wp\/v2\/posts\/1251\/revisions"}],"predecessor-version":[{"id":1253,"href":"https:\/\/erasmus.eoiestepona.org\/index.php?rest_route=\/wp\/v2\/posts\/1251\/revisions\/1253"}],"wp:featuredmedia":[{"embeddable":true,"href":"https:\/\/erasmus.eoiestepona.org\/index.php?rest_route=\/wp\/v2\/media\/1252"}],"wp:attachment":[{"href":"https:\/\/erasmus.eoiestepona.org\/index.php?rest_route=%2Fwp%2Fv2%2Fmedia&parent=1251"}],"wp:term":[{"taxonomy":"category","embeddable":true,"href":"https:\/\/erasmus.eoiestepona.org\/index.php?rest_route=%2Fwp%2Fv2%2Fcategories&post=1251"},{"taxonomy":"post_tag","embeddable":true,"href":"https:\/\/erasmus.eoiestepona.org\/index.php?rest_route=%2Fwp%2Fv2%2Ftags&post=1251"}],"curies":[{"name":"wp","href":"https:\/\/api.w.org\/{rel}","templated":true}]}}