{"id":1263,"date":"2023-05-15T22:43:36","date_gmt":"2023-05-15T20:43:36","guid":{"rendered":"https:\/\/erasmus.eoiestepona.org\/?p=1263"},"modified":"2023-05-17T13:10:32","modified_gmt":"2023-05-17T11:10:32","slug":"san-isidro-eramus","status":"publish","type":"post","link":"https:\/\/erasmus.eoiestepona.org\/?p=1263","title":{"rendered":"San Isidro Eramus+"},"content":{"rendered":"<div class=\"xdj266r x11i5rnm xat24cr x1mh8g0r x1vvkbs x126k92a\">\n<div dir=\"auto\"><span class=\"x3nfvp2 x1j61x8r x1fcty0u xdj266r xhhsvwb xat24cr xgzva0m xxymvpz xlup9mm x1kky2od\"><img loading=\"lazy\" decoding=\"async\" src=\"https:\/\/static.xx.fbcdn.net\/images\/emoji.php\/v9\/tdd\/1\/16\/1f1ea_1f1fa.png\" alt=\"\ud83c\uddea\ud83c\uddfa\" width=\"16\" height=\"16\" \/><\/span> La <a class=\"x1i10hfl xjbqb8w x6umtig x1b1mbwd xaqea5y xav7gou x9f619 x1ypdohk xt0psk2 xe8uvvx xdj266r x11i5rnm xat24cr x1mh8g0r xexx8yu x4uap5 x18d9i69 xkhd6sd x16tdsg8 x1hl2dhg xggy1nq x1a2a7pz xt0b8zv x1qq9wsj xo1l8bm\" tabindex=\"0\" role=\"link\" href=\"https:\/\/www.facebook.com\/profile.php?id=100054646651454&amp;__cft__[0]=AZUZdt1gLmLXfXCokcJ9P_59fZSsb_r1H7Xj-9jhqQVqodPW1Sc7ElQeiZwenYStwYtnnsKlr7PiFVdIJzGSdFoL1HU-KbwvudmS46wZcrk7jFutE9QhurcaOMm3uAAoclw&amp;__tn__=-]K-R\"><span class=\"xt0psk2\">EOI Estepona<\/span><\/a> <span class=\"x3nfvp2 x1j61x8r x1fcty0u xdj266r xhhsvwb xat24cr xgzva0m xxymvpz xlup9mm x1kky2od\"><img loading=\"lazy\" decoding=\"async\" src=\"https:\/\/static.xx.fbcdn.net\/images\/emoji.php\/v9\/t34\/1\/16\/1f1ea_1f1f8.png\" alt=\"\ud83c\uddea\ud83c\uddf8\" width=\"16\" height=\"16\" \/><\/span>celebra <a class=\"x1i10hfl xjbqb8w x6umtig x1b1mbwd xaqea5y xav7gou x9f619 x1ypdohk xt0psk2 xe8uvvx xdj266r x11i5rnm xat24cr x1mh8g0r xexx8yu x4uap5 x18d9i69 xkhd6sd x16tdsg8 x1hl2dhg xggy1nq x1a2a7pz xt0b8zv x1qq9wsj xo1l8bm\" tabindex=\"0\" role=\"link\" href=\"https:\/\/www.facebook.com\/hashtag\/sanisidrolabrador?__eep__=6&amp;__cft__[0]=AZUZdt1gLmLXfXCokcJ9P_59fZSsb_r1H7Xj-9jhqQVqodPW1Sc7ElQeiZwenYStwYtnnsKlr7PiFVdIJzGSdFoL1HU-KbwvudmS46wZcrk7jFutE9QhurcaOMm3uAAoclw&amp;__tn__=*NK-R\">#SanIsidroLabrador<\/a> junto con alumnado Erasmus+ de Turqu\u00eda <span class=\"x3nfvp2 x1j61x8r x1fcty0u xdj266r xhhsvwb xat24cr xgzva0m xxymvpz xlup9mm x1kky2od\"><img loading=\"lazy\" decoding=\"async\" src=\"https:\/\/static.xx.fbcdn.net\/images\/emoji.php\/v9\/tea\/1\/16\/1f1f9_1f1f7.png\" alt=\"\ud83c\uddf9\ud83c\uddf7\" width=\"16\" height=\"16\" \/><\/span>Croacia<span class=\"x3nfvp2 x1j61x8r x1fcty0u xdj266r xhhsvwb xat24cr xgzva0m xxymvpz xlup9mm x1kky2od\"><img loading=\"lazy\" decoding=\"async\" src=\"https:\/\/static.xx.fbcdn.net\/images\/emoji.php\/v9\/tf6\/1\/16\/1f1ed_1f1f7.png\" alt=\"\ud83c\udded\ud83c\uddf7\" width=\"16\" height=\"16\" \/><\/span>, Eslovenia <span class=\"x3nfvp2 x1j61x8r x1fcty0u xdj266r xhhsvwb xat24cr xgzva0m xxymvpz xlup9mm x1kky2od\"><img loading=\"lazy\" decoding=\"async\" src=\"https:\/\/static.xx.fbcdn.net\/images\/emoji.php\/v9\/tb8\/1\/16\/1f1f8_1f1ee.png\" alt=\"\ud83c\uddf8\ud83c\uddee\" width=\"16\" height=\"16\" \/><\/span>, Ruman\u00eda <span class=\"x3nfvp2 x1j61x8r x1fcty0u xdj266r xhhsvwb xat24cr xgzva0m xxymvpz xlup9mm x1kky2od\"><img loading=\"lazy\" decoding=\"async\" src=\"https:\/\/static.xx.fbcdn.net\/images\/emoji.php\/v9\/te5\/1\/16\/1f1f7_1f1f4.png\" alt=\"\ud83c\uddf7\ud83c\uddf4\" width=\"16\" height=\"16\" \/><\/span> y Rep\u00fablica Checa<span class=\"x3nfvp2 x1j61x8r x1fcty0u xdj266r xhhsvwb xat24cr xgzva0m xxymvpz xlup9mm x1kky2od\"><img loading=\"lazy\" decoding=\"async\" src=\"https:\/\/static.xx.fbcdn.net\/images\/emoji.php\/v9\/t79\/1\/16\/1f1e8_1f1ff.png\" alt=\"\ud83c\udde8\ud83c\uddff\" width=\"16\" height=\"16\" \/><\/span> de varios proyectos europeos en los que se encuentra participanndo. Un d\u00eda donde hemos podido ense\u00f1ar las costumbres de una fiesta tan arraigada de <a class=\"x1i10hfl xjbqb8w x6umtig x1b1mbwd xaqea5y xav7gou x9f619 x1ypdohk xt0psk2 xe8uvvx xdj266r x11i5rnm xat24cr x1mh8g0r xexx8yu x4uap5 x18d9i69 xkhd6sd x16tdsg8 x1hl2dhg xggy1nq x1a2a7pz xt0b8zv x1qq9wsj xo1l8bm\" tabindex=\"0\" role=\"link\" href=\"https:\/\/www.facebook.com\/hashtag\/estepona?__eep__=6&amp;__cft__[0]=AZUZdt1gLmLXfXCokcJ9P_59fZSsb_r1H7Xj-9jhqQVqodPW1Sc7ElQeiZwenYStwYtnnsKlr7PiFVdIJzGSdFoL1HU-KbwvudmS46wZcrk7jFutE9QhurcaOMm3uAAoclw&amp;__tn__=*NK-R\">#estepona<\/a>.<\/div>\n<\/div>\n<div class=\"x11i5rnm xat24cr x1mh8g0r x1vvkbs xtlvy1s x126k92a\">\n<div dir=\"auto\">Adem\u00e1s hemos recibido la visita de Emma Molina del <a class=\"x1i10hfl xjbqb8w x6umtig x1b1mbwd xaqea5y xav7gou x9f619 x1ypdohk xt0psk2 xe8uvvx xdj266r x11i5rnm xat24cr x1mh8g0r xexx8yu x4uap5 x18d9i69 xkhd6sd x16tdsg8 x1hl2dhg xggy1nq x1a2a7pz xt0b8zv x1qq9wsj xo1l8bm\" tabindex=\"0\" role=\"link\" href=\"https:\/\/www.facebook.com\/PSOEAytoEstepona?__cft__[0]=AZUZdt1gLmLXfXCokcJ9P_59fZSsb_r1H7Xj-9jhqQVqodPW1Sc7ElQeiZwenYStwYtnnsKlr7PiFVdIJzGSdFoL1HU-KbwvudmS46wZcrk7jFutE9QhurcaOMm3uAAoclw&amp;__tn__=-]K-R\"><span class=\"xt0psk2\">PSOE de Estepona<\/span><\/a> para interesarse por las necesidades de ubicaci\u00f3n de nuestro centro y del se\u00f1or alcalde <a class=\"x1i10hfl xjbqb8w x6umtig x1b1mbwd xaqea5y xav7gou x9f619 x1ypdohk xt0psk2 xe8uvvx xdj266r x11i5rnm xat24cr x1mh8g0r xexx8yu x4uap5 x18d9i69 xkhd6sd x16tdsg8 x1hl2dhg xggy1nq x1a2a7pz xt0b8zv x1qq9wsj xo1l8bm\" tabindex=\"0\" role=\"link\" href=\"https:\/\/www.facebook.com\/josemaria.garciaurbano?__cft__[0]=AZUZdt1gLmLXfXCokcJ9P_59fZSsb_r1H7Xj-9jhqQVqodPW1Sc7ElQeiZwenYStwYtnnsKlr7PiFVdIJzGSdFoL1HU-KbwvudmS46wZcrk7jFutE9QhurcaOMm3uAAoclw&amp;__tn__=-]K-R\"><span class=\"xt0psk2\">Jos\u00e9 Mar\u00eda Garc\u00eda Urbano<\/span><\/a> del <a class=\"x1i10hfl xjbqb8w x6umtig x1b1mbwd xaqea5y xav7gou x9f619 x1ypdohk xt0psk2 xe8uvvx xdj266r x11i5rnm xat24cr x1mh8g0r xexx8yu x4uap5 x18d9i69 xkhd6sd x16tdsg8 x1hl2dhg xggy1nq x1a2a7pz xt0b8zv x1qq9wsj xo1l8bm\" tabindex=\"0\" role=\"link\" href=\"https:\/\/www.facebook.com\/profile.php?id=100065106699175&amp;__cft__[0]=AZUZdt1gLmLXfXCokcJ9P_59fZSsb_r1H7Xj-9jhqQVqodPW1Sc7ElQeiZwenYStwYtnnsKlr7PiFVdIJzGSdFoL1HU-KbwvudmS46wZcrk7jFutE9QhurcaOMm3uAAoclw&amp;__tn__=-]K-R\"><span class=\"xt0psk2\">Partido Popular de Estepona<\/span><\/a>. <span class=\"x3nfvp2 x1j61x8r x1fcty0u xdj266r xhhsvwb xat24cr xgzva0m xxymvpz xlup9mm x1kky2od\"><img loading=\"lazy\" decoding=\"async\" src=\"https:\/\/static.xx.fbcdn.net\/images\/emoji.php\/v9\/tdd\/1\/16\/1f1ea_1f1fa.png\" alt=\"\ud83c\uddea\ud83c\uddfa\" width=\"16\" height=\"16\" \/><\/span><\/div>\n<div dir=\"auto\"><span class=\"x3nfvp2 x1j61x8r x1fcty0u xdj266r xhhsvwb xat24cr xgzva0m xxymvpz xlup9mm x1kky2od\"><img loading=\"lazy\" decoding=\"async\" src=\"https:\/\/static.xx.fbcdn.net\/images\/emoji.php\/v9\/tdd\/1\/16\/1f1ea_1f1fa.png\" alt=\"\ud83c\uddea\ud83c\uddfa\" width=\"16\" height=\"16\" \/><\/span>\u00a1\u00a1\u00a1Mejor inicio de semana Erasmus+ imposible!!! <span class=\"x3nfvp2 x1j61x8r x1fcty0u xdj266r xhhsvwb xat24cr xgzva0m xxymvpz xlup9mm x1kky2od\"><img loading=\"lazy\" decoding=\"async\" src=\"https:\/\/static.xx.fbcdn.net\/images\/emoji.php\/v9\/tdd\/1\/16\/1f1ea_1f1fa.png\" alt=\"\ud83c\uddea\ud83c\uddfa\" width=\"16\" height=\"16\" \/><\/span> <span class=\"x3nfvp2 x1j61x8r x1fcty0u xdj266r xhhsvwb xat24cr xgzva0m xxymvpz xlup9mm x1kky2od\"><img loading=\"lazy\" decoding=\"async\" src=\"https:\/\/static.xx.fbcdn.net\/images\/emoji.php\/v9\/t34\/1\/16\/1f1ea_1f1f8.png\" alt=\"\ud83c\uddea\ud83c\uddf8\" width=\"16\" height=\"16\" \/><\/span><\/div>\n<div dir=\"auto\"><img loading=\"lazy\" decoding=\"async\" class=\"aligncenter wp-image-1264 size-large\" src=\"https:\/\/erasmus.eoiestepona.org\/wp-content\/uploads\/2023\/05\/20230515_222955-1024x1024.jpg\" alt=\"\" width=\"1024\" height=\"1024\" srcset=\"https:\/\/erasmus.eoiestepona.org\/wp-content\/uploads\/2023\/05\/20230515_222955-1024x1024.jpg 1024w, https:\/\/erasmus.eoiestepona.org\/wp-content\/uploads\/2023\/05\/20230515_222955-300x300.jpg 300w, https:\/\/erasmus.eoiestepona.org\/wp-content\/uploads\/2023\/05\/20230515_222955-150x150.jpg 150w, https:\/\/erasmus.eoiestepona.org\/wp-content\/uploads\/2023\/05\/20230515_222955-768x768.jpg 768w, https:\/\/erasmus.eoiestepona.org\/wp-content\/uploads\/2023\/05\/20230515_222955-1536x1536.jpg 1536w, https:\/\/erasmus.eoiestepona.org\/wp-content\/uploads\/2023\/05\/20230515_222955-2048x2048.jpg 2048w\" sizes=\"auto, (max-width: 1024px) 100vw, 1024px\" \/><\/div>\n<\/div>\n","protected":false},"excerpt":{"rendered":"<p>La EOI Estepona celebra #SanIsidroLabrador junto con alumnado Erasmus+ de Turqu\u00eda Croacia, Eslovenia , Ruman\u00eda y Rep\u00fablica Checa de varios proyectos europeos en los que se encuentra participanndo. Un d\u00eda donde hemos podido ense\u00f1ar las costumbres de una fiesta tan arraigada de #estepona. Adem\u00e1s hemos recibido la visita de Emma Molina del PSOE de Estepona [&hellip;]<\/p>\n","protected":false},"author":1,"featured_media":1264,"comment_status":"closed","ping_status":"closed","sticky":false,"template":"","format":"standard","meta":{"footnotes":""},"categories":[4],"tags":[23,27,30,17],"class_list":["post-1263","post","type-post","status-publish","format-standard","has-post-thumbnail","hentry","category-escuela","tag-ka204flow-eeooii-eoi-eoiestepona-estepona-flow-ka204-ka204erasmusflow-sepie","tag-eoiestepona-erasmusplus","tag-ka2","tag-sepie"],"jetpack_featured_media_url":"https:\/\/erasmus.eoiestepona.org\/wp-content\/uploads\/2023\/05\/20230515_222955-scaled.jpg","_links":{"self":[{"href":"https:\/\/erasmus.eoiestepona.org\/index.php?rest_route=\/wp\/v2\/posts\/1263","targetHints":{"allow":["GET"]}}],"collection":[{"href":"https:\/\/erasmus.eoiestepona.org\/index.php?rest_route=\/wp\/v2\/posts"}],"about":[{"href":"https:\/\/erasmus.eoiestepona.org\/index.php?rest_route=\/wp\/v2\/types\/post"}],"author":[{"embeddable":true,"href":"https:\/\/erasmus.eoiestepona.org\/index.php?rest_route=\/wp\/v2\/users\/1"}],"replies":[{"embeddable":true,"href":"https:\/\/erasmus.eoiestepona.org\/index.php?rest_route=%2Fwp%2Fv2%2Fcomments&post=1263"}],"version-history":[{"count":3,"href":"https:\/\/erasmus.eoiestepona.org\/index.php?rest_route=\/wp\/v2\/posts\/1263\/revisions"}],"predecessor-version":[{"id":1268,"href":"https:\/\/erasmus.eoiestepona.org\/index.php?rest_route=\/wp\/v2\/posts\/1263\/revisions\/1268"}],"wp:featuredmedia":[{"embeddable":true,"href":"https:\/\/erasmus.eoiestepona.org\/index.php?rest_route=\/wp\/v2\/media\/1264"}],"wp:attachment":[{"href":"https:\/\/erasmus.eoiestepona.org\/index.php?rest_route=%2Fwp%2Fv2%2Fmedia&parent=1263"}],"wp:term":[{"taxonomy":"category","embeddable":true,"href":"https:\/\/erasmus.eoiestepona.org\/index.php?rest_route=%2Fwp%2Fv2%2Fcategories&post=1263"},{"taxonomy":"post_tag","embeddable":true,"href":"https:\/\/erasmus.eoiestepona.org\/index.php?rest_route=%2Fwp%2Fv2%2Ftags&post=1263"}],"curies":[{"name":"wp","href":"https:\/\/api.w.org\/{rel}","templated":true}]}}