{"id":4134,"date":"2025-06-25T11:00:40","date_gmt":"2025-06-25T09:00:40","guid":{"rendered":"https:\/\/erasmus.eoiestepona.org\/?p=4134"},"modified":"2025-06-27T00:00:07","modified_gmt":"2025-06-26T22:00:07","slug":"%f0%9f%87%ab%f0%9f%87%b7-el-segundo-grupo-ya-esta-en-marcha-rumbo-a-nantes","status":"publish","type":"post","link":"https:\/\/erasmus.eoiestepona.org\/?p=4134","title":{"rendered":"\ud83c\uddeb\ud83c\uddf7 \u00a1El segundo grupo ya est\u00e1 en marcha rumbo a Nantes!"},"content":{"rendered":"<p data-start=\"128\" data-end=\"455\">Hoy comienza la movilidad del <strong data-start=\"158\" data-end=\"198\">segundo grupo de estudiantes adultos<\/strong> de la <strong data-start=\"205\" data-end=\"247\">Escuela Oficial de Idiomas de Estepona<\/strong> dentro del proyecto Erasmus+ acreditado <strong data-start=\"288\" data-end=\"323\">2024-1-ES01-KA121-ADU-000203934<\/strong>. Este grupo vivir\u00e1 una experiencia internacional inolvidable en el centro social <strong data-start=\"405\" data-end=\"429\">La Cocotte Solidaire<\/strong>, en <strong data-start=\"434\" data-end=\"454\">Nantes (Francia)<\/strong>.<\/p>\n<p data-start=\"457\" data-end=\"650\">\u2728 Esta ser\u00e1 la <strong data-start=\"472\" data-end=\"527\">\u00faltima movilidad de estudiantes del curso 2024\u20132025<\/strong>, y con ella cerramos un a\u00f1o lleno de aprendizaje, crecimiento personal y vivencias \u00fanicas en distintos contextos europeos.<\/p>\n<p data-start=\"652\" data-end=\"700\">Durante esta semana, el alumnado participar\u00e1 en:<\/p>\n<ul data-start=\"701\" data-end=\"1037\">\n<li data-start=\"701\" data-end=\"822\">\n<p data-start=\"703\" data-end=\"822\"><strong data-start=\"703\" data-end=\"755\">Talleres de cocina solidaria y econom\u00eda circular<\/strong>, compartiendo conocimientos y experiencias con la comunidad local.<\/p>\n<\/li>\n<li data-start=\"823\" data-end=\"922\">\n<p data-start=\"825\" data-end=\"922\"><strong data-start=\"825\" data-end=\"878\">Actividades culturales y de inmersi\u00f3n ling\u00fc\u00edstica<\/strong>, practicando el franc\u00e9s en entornos reales.<\/p>\n<\/li>\n<li data-start=\"923\" data-end=\"1037\">\n<p data-start=\"925\" data-end=\"1037\"><strong data-start=\"925\" data-end=\"955\">Encuentros interculturales<\/strong> centrados en la solidaridad, el trabajo en equipo y el respeto por la diversidad.<\/p>\n<\/li>\n<\/ul>\n<p data-start=\"1039\" data-end=\"1222\">Esta movilidad no solo es una oportunidad para mejorar las competencias ling\u00fc\u00edsticas, sino tambi\u00e9n para <strong data-start=\"1143\" data-end=\"1221\">reflexionar sobre modelos de vida m\u00e1s sostenibles, inclusivos y solidarios<\/strong>.<\/p>\n<p data-start=\"1224\" data-end=\"1512\" data-is-last-node=\"\" data-is-only-node=\"\">\ud83d\udc4f \u00a1Gracias a todo el alumnado implicado por su entusiasmo y compromiso a lo largo del curso! Seguiremos trabajando para que la internacionalizaci\u00f3n llegue a m\u00e1s rincones de nuestra escuela.<\/p>\n<p data-start=\"1224\" data-end=\"1512\" data-is-last-node=\"\" data-is-only-node=\"\"><img loading=\"lazy\" decoding=\"async\" class=\"aligncenter size-large wp-image-4135\" src=\"https:\/\/erasmus.eoiestepona.org\/wp-content\/uploads\/2025\/06\/WhatsApp-Image-2025-06-25-at-10.55.46-1024x998.jpeg\" alt=\"\" width=\"1024\" height=\"998\" srcset=\"https:\/\/erasmus.eoiestepona.org\/wp-content\/uploads\/2025\/06\/WhatsApp-Image-2025-06-25-at-10.55.46-1024x998.jpeg 1024w, https:\/\/erasmus.eoiestepona.org\/wp-content\/uploads\/2025\/06\/WhatsApp-Image-2025-06-25-at-10.55.46-300x293.jpeg 300w, https:\/\/erasmus.eoiestepona.org\/wp-content\/uploads\/2025\/06\/WhatsApp-Image-2025-06-25-at-10.55.46-768x749.jpeg 768w, https:\/\/erasmus.eoiestepona.org\/wp-content\/uploads\/2025\/06\/WhatsApp-Image-2025-06-25-at-10.55.46-1536x1498.jpeg 1536w, https:\/\/erasmus.eoiestepona.org\/wp-content\/uploads\/2025\/06\/WhatsApp-Image-2025-06-25-at-10.55.46.jpeg 1600w\" sizes=\"auto, (max-width: 1024px) 100vw, 1024px\" \/><\/p>\n","protected":false},"excerpt":{"rendered":"<p>Hoy comienza la movilidad del segundo grupo de estudiantes adultos de la Escuela Oficial de Idiomas de Estepona dentro del proyecto Erasmus+ acreditado 2024-1-ES01-KA121-ADU-000203934. Este grupo vivir\u00e1 una experiencia internacional inolvidable en el centro social La Cocotte Solidaire, en Nantes (Francia). \u2728 Esta ser\u00e1 la \u00faltima movilidad de estudiantes del curso 2024\u20132025, y con ella [&hellip;]<\/p>\n","protected":false},"author":1,"featured_media":4135,"comment_status":"closed","ping_status":"closed","sticky":false,"template":"","format":"standard","meta":{"footnotes":""},"categories":[4,5],"tags":[],"class_list":["post-4134","post","type-post","status-publish","format-standard","has-post-thumbnail","hentry","category-escuela","category-formacion"],"jetpack_featured_media_url":"https:\/\/erasmus.eoiestepona.org\/wp-content\/uploads\/2025\/06\/WhatsApp-Image-2025-06-25-at-10.55.46.jpeg","_links":{"self":[{"href":"https:\/\/erasmus.eoiestepona.org\/index.php?rest_route=\/wp\/v2\/posts\/4134","targetHints":{"allow":["GET"]}}],"collection":[{"href":"https:\/\/erasmus.eoiestepona.org\/index.php?rest_route=\/wp\/v2\/posts"}],"about":[{"href":"https:\/\/erasmus.eoiestepona.org\/index.php?rest_route=\/wp\/v2\/types\/post"}],"author":[{"embeddable":true,"href":"https:\/\/erasmus.eoiestepona.org\/index.php?rest_route=\/wp\/v2\/users\/1"}],"replies":[{"embeddable":true,"href":"https:\/\/erasmus.eoiestepona.org\/index.php?rest_route=%2Fwp%2Fv2%2Fcomments&post=4134"}],"version-history":[{"count":2,"href":"https:\/\/erasmus.eoiestepona.org\/index.php?rest_route=\/wp\/v2\/posts\/4134\/revisions"}],"predecessor-version":[{"id":4140,"href":"https:\/\/erasmus.eoiestepona.org\/index.php?rest_route=\/wp\/v2\/posts\/4134\/revisions\/4140"}],"wp:featuredmedia":[{"embeddable":true,"href":"https:\/\/erasmus.eoiestepona.org\/index.php?rest_route=\/wp\/v2\/media\/4135"}],"wp:attachment":[{"href":"https:\/\/erasmus.eoiestepona.org\/index.php?rest_route=%2Fwp%2Fv2%2Fmedia&parent=4134"}],"wp:term":[{"taxonomy":"category","embeddable":true,"href":"https:\/\/erasmus.eoiestepona.org\/index.php?rest_route=%2Fwp%2Fv2%2Fcategories&post=4134"},{"taxonomy":"post_tag","embeddable":true,"href":"https:\/\/erasmus.eoiestepona.org\/index.php?rest_route=%2Fwp%2Fv2%2Ftags&post=4134"}],"curies":[{"name":"wp","href":"https:\/\/api.w.org\/{rel}","templated":true}]}}