{"id":4329,"date":"2025-06-29T20:38:04","date_gmt":"2025-06-29T18:38:04","guid":{"rendered":"https:\/\/erasmus.eoiestepona.org\/?p=4329"},"modified":"2025-06-29T20:41:15","modified_gmt":"2025-06-29T18:41:15","slug":"4329","status":"publish","type":"post","link":"https:\/\/erasmus.eoiestepona.org\/?p=4329","title":{"rendered":"La Cocotte Solidaire"},"content":{"rendered":"<p>\ud83d\uddd3\ufe0f Del 25 al 29 de junio, Mar\u00eda, Mariem, Ana y Alicia \u2014alumnas de franc\u00e9s de la Escuela Oficial de Idiomas de Estepona\u2014 han vivido una valiosa experiencia de aprendizaje en Nantes (Francia), dentro del marco de nuestro proyecto Erasmus+ acreditado 2024-1-ES01-KA121-ADU-000203934.<\/p>\n<p>Durante estos d\u00edas, han participado en una movilidad Erasmus+ en el centro social La Cocotte Solidaire, una organizaci\u00f3n comprometida con la solidaridad, la inclusi\u00f3n social y la sostenibilidad. A trav\u00e9s de actividades como la cocina colaborativa, el trabajo en equipo y los intercambios interculturales, nuestras alumnas han mejorado sus competencias ling\u00fc\u00edsticas y desarrollado una mayor conciencia europea.<\/p>\n<p>Una experiencia transformadora que combina el aprendizaje del franc\u00e9s con valores sociales y comunitarios. \ud83c\udf0d\ud83d\udcac\ud83c\udf72<\/p>\n<p><img loading=\"lazy\" decoding=\"async\" class=\"aligncenter size-large wp-image-4330\" src=\"https:\/\/erasmus.eoiestepona.org\/wp-content\/uploads\/2025\/06\/20250629_202826-1024x1024.jpg\" alt=\"\" width=\"1024\" height=\"1024\" srcset=\"https:\/\/erasmus.eoiestepona.org\/wp-content\/uploads\/2025\/06\/20250629_202826-1024x1024.jpg 1024w, https:\/\/erasmus.eoiestepona.org\/wp-content\/uploads\/2025\/06\/20250629_202826-300x300.jpg 300w, https:\/\/erasmus.eoiestepona.org\/wp-content\/uploads\/2025\/06\/20250629_202826-150x150.jpg 150w, https:\/\/erasmus.eoiestepona.org\/wp-content\/uploads\/2025\/06\/20250629_202826-768x768.jpg 768w, https:\/\/erasmus.eoiestepona.org\/wp-content\/uploads\/2025\/06\/20250629_202826-1536x1536.jpg 1536w, https:\/\/erasmus.eoiestepona.org\/wp-content\/uploads\/2025\/06\/20250629_202826-2048x2048.jpg 2048w\" sizes=\"auto, (max-width: 1024px) 100vw, 1024px\" \/><\/p>\n","protected":false},"excerpt":{"rendered":"<p>\ud83d\uddd3\ufe0f Del 25 al 29 de junio, Mar\u00eda, Mariem, Ana y Alicia \u2014alumnas de franc\u00e9s de la Escuela Oficial de Idiomas de Estepona\u2014 han vivido una valiosa experiencia de aprendizaje en Nantes (Francia), dentro del marco de nuestro proyecto Erasmus+ acreditado 2024-1-ES01-KA121-ADU-000203934. Durante estos d\u00edas, han participado en una movilidad Erasmus+ en el centro social [&hellip;]<\/p>\n","protected":false},"author":1,"featured_media":4330,"comment_status":"closed","ping_status":"closed","sticky":false,"template":"","format":"standard","meta":{"footnotes":""},"categories":[4],"tags":[],"class_list":["post-4329","post","type-post","status-publish","format-standard","has-post-thumbnail","hentry","category-escuela"],"jetpack_featured_media_url":"https:\/\/erasmus.eoiestepona.org\/wp-content\/uploads\/2025\/06\/20250629_202826-scaled.jpg","_links":{"self":[{"href":"https:\/\/erasmus.eoiestepona.org\/index.php?rest_route=\/wp\/v2\/posts\/4329","targetHints":{"allow":["GET"]}}],"collection":[{"href":"https:\/\/erasmus.eoiestepona.org\/index.php?rest_route=\/wp\/v2\/posts"}],"about":[{"href":"https:\/\/erasmus.eoiestepona.org\/index.php?rest_route=\/wp\/v2\/types\/post"}],"author":[{"embeddable":true,"href":"https:\/\/erasmus.eoiestepona.org\/index.php?rest_route=\/wp\/v2\/users\/1"}],"replies":[{"embeddable":true,"href":"https:\/\/erasmus.eoiestepona.org\/index.php?rest_route=%2Fwp%2Fv2%2Fcomments&post=4329"}],"version-history":[{"count":2,"href":"https:\/\/erasmus.eoiestepona.org\/index.php?rest_route=\/wp\/v2\/posts\/4329\/revisions"}],"predecessor-version":[{"id":4332,"href":"https:\/\/erasmus.eoiestepona.org\/index.php?rest_route=\/wp\/v2\/posts\/4329\/revisions\/4332"}],"wp:featuredmedia":[{"embeddable":true,"href":"https:\/\/erasmus.eoiestepona.org\/index.php?rest_route=\/wp\/v2\/media\/4330"}],"wp:attachment":[{"href":"https:\/\/erasmus.eoiestepona.org\/index.php?rest_route=%2Fwp%2Fv2%2Fmedia&parent=4329"}],"wp:term":[{"taxonomy":"category","embeddable":true,"href":"https:\/\/erasmus.eoiestepona.org\/index.php?rest_route=%2Fwp%2Fv2%2Fcategories&post=4329"},{"taxonomy":"post_tag","embeddable":true,"href":"https:\/\/erasmus.eoiestepona.org\/index.php?rest_route=%2Fwp%2Fv2%2Ftags&post=4329"}],"curies":[{"name":"wp","href":"https:\/\/api.w.org\/{rel}","templated":true}]}}