{"id":5337,"date":"2026-04-24T22:57:22","date_gmt":"2026-04-24T20:57:22","guid":{"rendered":"https:\/\/erasmus.eoiestepona.org\/?p=5337"},"modified":"2026-04-23T22:58:35","modified_gmt":"2026-04-23T20:58:35","slug":"%f0%9f%8c%8d%e2%9c%88%ef%b8%8f-finaliza-la-movilidad-erasmus-de-nuestro-profesorado-en-viena","status":"publish","type":"post","link":"https:\/\/erasmus.eoiestepona.org\/?p=5337","title":{"rendered":"\ud83c\udf0d\u2708\ufe0f Finaliza la movilidad Erasmus+ de nuestro profesorado en Viena"},"content":{"rendered":"<p data-start=\"73\" data-end=\"368\">Los profesores de la EOI Estepona <strong data-start=\"107\" data-end=\"121\">Juan Ortiz<\/strong> y <strong data-start=\"124\" data-end=\"137\">Jos\u00e9 D\u00edaz<\/strong> han concluido su estancia de formaci\u00f3n y observaci\u00f3n en <strong data-start=\"194\" data-end=\"235\"><span class=\"hover:entity-accent entity-underline inline cursor-pointer align-baseline\"><span class=\"whitespace-normal\">Viena<\/span><\/span><\/strong>, desarrollada en el <strong data-start=\"256\" data-end=\"297\"><span class=\"hover:entity-accent entity-underline inline cursor-pointer align-baseline\"><span class=\"whitespace-normal\">Sprachenzentrum der Universit\u00e4t Wien<\/span><\/span><\/strong>, dentro de nuestro proyecto <strong data-start=\"326\" data-end=\"367\"><span class=\"hover:entity-accent entity-underline inline cursor-pointer align-baseline\"><span class=\"whitespace-normal\">Erasmus+<\/span><\/span><\/strong>.<\/p>\n<p data-start=\"370\" data-end=\"739\">Durante estos d\u00edas han tenido la oportunidad de conocer de primera mano el funcionamiento de uno de los centros de idiomas universitarios m\u00e1s prestigiosos de Europa, asistir a clases de <strong data-start=\"556\" data-end=\"603\">alem\u00e1n, franc\u00e9s, ingl\u00e9s, espa\u00f1ol e italiano<\/strong>, intercambiar experiencias con profesorado internacional y profundizar en aspectos organizativos, metodol\u00f3gicos y de gesti\u00f3n educativa.<\/p>\n<p data-start=\"741\" data-end=\"960\">La movilidad ha resultado especialmente enriquecedora, permitiendo recoger nuevas ideas sobre innovaci\u00f3n docente, uso de recursos digitales, atenci\u00f3n a un alumnado multicultural e internacionalizaci\u00f3n de las ense\u00f1anzas.<\/p>\n<p data-start=\"962\" data-end=\"1212\">Desde la EOI Estepona agradecemos la excelente acogida recibida por parte del equipo del <strong data-start=\"1051\" data-end=\"1092\"><span class=\"hover:entity-accent entity-underline inline cursor-pointer align-baseline\"><span class=\"whitespace-normal\">Sprachenzentrum der Universit\u00e4t Wien<\/span><\/span><\/strong>, especialmente a Lydia Moschinger y al resto de profesionales que han compartido generosamente su tiempo y experiencia.<\/p>\n<p data-start=\"1214\" data-end=\"1292\">Seguimos avanzando hacia una escuela m\u00e1s europea, abierta e innovadora. \ud83c\uddea\ud83c\uddfa\ud83d\udcda<\/p>\n\n\t\t<style type=\"text\/css\">\n\t\t\t#gallery-1 {\n\t\t\t\tmargin: auto;\n\t\t\t}\n\t\t\t#gallery-1 .gallery-item {\n\t\t\t\tfloat: left;\n\t\t\t\tmargin-top: 10px;\n\t\t\t\ttext-align: center;\n\t\t\t\twidth: 25%;\n\t\t\t}\n\t\t\t#gallery-1 img {\n\t\t\t\tborder: 2px solid #cfcfcf;\n\t\t\t}\n\t\t\t#gallery-1 .gallery-caption {\n\t\t\t\tmargin-left: 0;\n\t\t\t}\n\t\t\t\/* see gallery_shortcode() in wp-includes\/media.php *\/\n\t\t<\/style>\n\t\t<div id='gallery-1' class='gallery galleryid-5337 gallery-columns-4 gallery-size-large'><dl class='gallery-item'>\n\t\t\t<dt class='gallery-icon landscape'>\n\t\t\t\t<a href='https:\/\/erasmus.eoiestepona.org\/?attachment_id=5335'><img loading=\"lazy\" decoding=\"async\" width=\"1024\" height=\"768\" src=\"https:\/\/erasmus.eoiestepona.org\/wp-content\/uploads\/2026\/04\/WhatsApp-Image-2026-04-23-at-22.53.07-1024x768.jpeg\" class=\"attachment-large size-large\" alt=\"\" srcset=\"https:\/\/erasmus.eoiestepona.org\/wp-content\/uploads\/2026\/04\/WhatsApp-Image-2026-04-23-at-22.53.07-1024x768.jpeg 1024w, https:\/\/erasmus.eoiestepona.org\/wp-content\/uploads\/2026\/04\/WhatsApp-Image-2026-04-23-at-22.53.07-300x225.jpeg 300w, https:\/\/erasmus.eoiestepona.org\/wp-content\/uploads\/2026\/04\/WhatsApp-Image-2026-04-23-at-22.53.07-768x576.jpeg 768w, https:\/\/erasmus.eoiestepona.org\/wp-content\/uploads\/2026\/04\/WhatsApp-Image-2026-04-23-at-22.53.07-1536x1152.jpeg 1536w, https:\/\/erasmus.eoiestepona.org\/wp-content\/uploads\/2026\/04\/WhatsApp-Image-2026-04-23-at-22.53.07.jpeg 1640w\" sizes=\"auto, (max-width: 1024px) 100vw, 1024px\" \/><\/a>\n\t\t\t<\/dt><\/dl><dl class='gallery-item'>\n\t\t\t<dt class='gallery-icon landscape'>\n\t\t\t\t<a href='https:\/\/erasmus.eoiestepona.org\/?attachment_id=5319'><img loading=\"lazy\" decoding=\"async\" width=\"1024\" height=\"576\" src=\"https:\/\/erasmus.eoiestepona.org\/wp-content\/uploads\/2026\/04\/WhatsApp-Image-2026-04-23-at-09.48.16-1024x576.jpeg\" class=\"attachment-large size-large\" alt=\"\" srcset=\"https:\/\/erasmus.eoiestepona.org\/wp-content\/uploads\/2026\/04\/WhatsApp-Image-2026-04-23-at-09.48.16-1024x576.jpeg 1024w, https:\/\/erasmus.eoiestepona.org\/wp-content\/uploads\/2026\/04\/WhatsApp-Image-2026-04-23-at-09.48.16-300x169.jpeg 300w, https:\/\/erasmus.eoiestepona.org\/wp-content\/uploads\/2026\/04\/WhatsApp-Image-2026-04-23-at-09.48.16-768x432.jpeg 768w, https:\/\/erasmus.eoiestepona.org\/wp-content\/uploads\/2026\/04\/WhatsApp-Image-2026-04-23-at-09.48.16-1536x864.jpeg 1536w, https:\/\/erasmus.eoiestepona.org\/wp-content\/uploads\/2026\/04\/WhatsApp-Image-2026-04-23-at-09.48.16.jpeg 1599w\" sizes=\"auto, (max-width: 1024px) 100vw, 1024px\" \/><\/a>\n\t\t\t<\/dt><\/dl><dl class='gallery-item'>\n\t\t\t<dt class='gallery-icon landscape'>\n\t\t\t\t<a href='https:\/\/erasmus.eoiestepona.org\/?attachment_id=5323'><img loading=\"lazy\" decoding=\"async\" width=\"1024\" height=\"576\" src=\"https:\/\/erasmus.eoiestepona.org\/wp-content\/uploads\/2026\/04\/WhatsApp-Image-2026-04-23-at-10.19.47-1024x576.jpeg\" class=\"attachment-large size-large\" alt=\"\" srcset=\"https:\/\/erasmus.eoiestepona.org\/wp-content\/uploads\/2026\/04\/WhatsApp-Image-2026-04-23-at-10.19.47-1024x576.jpeg 1024w, https:\/\/erasmus.eoiestepona.org\/wp-content\/uploads\/2026\/04\/WhatsApp-Image-2026-04-23-at-10.19.47-300x169.jpeg 300w, https:\/\/erasmus.eoiestepona.org\/wp-content\/uploads\/2026\/04\/WhatsApp-Image-2026-04-23-at-10.19.47-768x432.jpeg 768w, https:\/\/erasmus.eoiestepona.org\/wp-content\/uploads\/2026\/04\/WhatsApp-Image-2026-04-23-at-10.19.47-1536x864.jpeg 1536w, https:\/\/erasmus.eoiestepona.org\/wp-content\/uploads\/2026\/04\/WhatsApp-Image-2026-04-23-at-10.19.47.jpeg 1599w\" sizes=\"auto, (max-width: 1024px) 100vw, 1024px\" \/><\/a>\n\t\t\t<\/dt><\/dl><dl class='gallery-item'>\n\t\t\t<dt class='gallery-icon landscape'>\n\t\t\t\t<a href='https:\/\/erasmus.eoiestepona.org\/?attachment_id=5333'><img loading=\"lazy\" decoding=\"async\" width=\"1024\" height=\"763\" src=\"https:\/\/erasmus.eoiestepona.org\/wp-content\/uploads\/2026\/04\/WhatsApp-Image-2026-04-23-at-22.42.11-1024x763.jpeg\" class=\"attachment-large size-large\" alt=\"\" srcset=\"https:\/\/erasmus.eoiestepona.org\/wp-content\/uploads\/2026\/04\/WhatsApp-Image-2026-04-23-at-22.42.11-1024x763.jpeg 1024w, https:\/\/erasmus.eoiestepona.org\/wp-content\/uploads\/2026\/04\/WhatsApp-Image-2026-04-23-at-22.42.11-300x224.jpeg 300w, https:\/\/erasmus.eoiestepona.org\/wp-content\/uploads\/2026\/04\/WhatsApp-Image-2026-04-23-at-22.42.11-768x573.jpeg 768w, https:\/\/erasmus.eoiestepona.org\/wp-content\/uploads\/2026\/04\/WhatsApp-Image-2026-04-23-at-22.42.11-1536x1145.jpeg 1536w, https:\/\/erasmus.eoiestepona.org\/wp-content\/uploads\/2026\/04\/WhatsApp-Image-2026-04-23-at-22.42.11.jpeg 1650w\" sizes=\"auto, (max-width: 1024px) 100vw, 1024px\" \/><\/a>\n\t\t\t<\/dt><\/dl><br style=\"clear: both\" \/>\n\t\t<\/div>\n\n","protected":false},"excerpt":{"rendered":"<p>Los profesores de la EOI Estepona Juan Ortiz y Jos\u00e9 D\u00edaz han concluido su estancia de formaci\u00f3n y observaci\u00f3n en Viena, desarrollada en el Sprachenzentrum der Universit\u00e4t Wien, dentro de nuestro proyecto Erasmus+. Durante estos d\u00edas han tenido la oportunidad de conocer de primera mano el funcionamiento de uno de los centros de idiomas universitarios [&hellip;]<\/p>\n","protected":false},"author":1,"featured_media":5335,"comment_status":"closed","ping_status":"closed","sticky":false,"template":"","format":"standard","meta":{"footnotes":""},"categories":[4,5],"tags":[],"class_list":["post-5337","post","type-post","status-publish","format-standard","has-post-thumbnail","hentry","category-escuela","category-formacion"],"jetpack_featured_media_url":"https:\/\/erasmus.eoiestepona.org\/wp-content\/uploads\/2026\/04\/WhatsApp-Image-2026-04-23-at-22.53.07.jpeg","_links":{"self":[{"href":"https:\/\/erasmus.eoiestepona.org\/index.php?rest_route=\/wp\/v2\/posts\/5337","targetHints":{"allow":["GET"]}}],"collection":[{"href":"https:\/\/erasmus.eoiestepona.org\/index.php?rest_route=\/wp\/v2\/posts"}],"about":[{"href":"https:\/\/erasmus.eoiestepona.org\/index.php?rest_route=\/wp\/v2\/types\/post"}],"author":[{"embeddable":true,"href":"https:\/\/erasmus.eoiestepona.org\/index.php?rest_route=\/wp\/v2\/users\/1"}],"replies":[{"embeddable":true,"href":"https:\/\/erasmus.eoiestepona.org\/index.php?rest_route=%2Fwp%2Fv2%2Fcomments&post=5337"}],"version-history":[{"count":1,"href":"https:\/\/erasmus.eoiestepona.org\/index.php?rest_route=\/wp\/v2\/posts\/5337\/revisions"}],"predecessor-version":[{"id":5338,"href":"https:\/\/erasmus.eoiestepona.org\/index.php?rest_route=\/wp\/v2\/posts\/5337\/revisions\/5338"}],"wp:featuredmedia":[{"embeddable":true,"href":"https:\/\/erasmus.eoiestepona.org\/index.php?rest_route=\/wp\/v2\/media\/5335"}],"wp:attachment":[{"href":"https:\/\/erasmus.eoiestepona.org\/index.php?rest_route=%2Fwp%2Fv2%2Fmedia&parent=5337"}],"wp:term":[{"taxonomy":"category","embeddable":true,"href":"https:\/\/erasmus.eoiestepona.org\/index.php?rest_route=%2Fwp%2Fv2%2Fcategories&post=5337"},{"taxonomy":"post_tag","embeddable":true,"href":"https:\/\/erasmus.eoiestepona.org\/index.php?rest_route=%2Fwp%2Fv2%2Ftags&post=5337"}],"curies":[{"name":"wp","href":"https:\/\/api.w.org\/{rel}","templated":true}]}}