{"id":594,"date":"2022-06-28T11:21:03","date_gmt":"2022-06-28T09:21:03","guid":{"rendered":"https:\/\/erasmus.eoiestepona.org\/?p=594"},"modified":"2022-06-28T11:21:03","modified_gmt":"2022-06-28T09:21:03","slug":"centro-acreditado-erasmus2022","status":"publish","type":"post","link":"https:\/\/erasmus.eoiestepona.org\/?p=594","title":{"rendered":"Centro acreditado Erasmus+2022"},"content":{"rendered":"<p>La Escuela Oficial de Idiomas de Estepona ha conseguido por segundo a\u00f1o consecutivo su admisi\u00f3n para el programa KA 121 ADU.<\/p>\n<p>Este centro contar\u00e1 con un presupuesto importante para que el profesorado del centro pueda realizar movilidades con el objetivo de mejorar sus competencias en diferentes aspectos en concordancia a la acreditaci\u00f3n presentada por el centro.<\/p>\n<p>En esta ocasi\u00f3n la EOI Estepona podr\u00e1 ampliar las estancias de formaci\u00f3n de su profesorado en la mejora de aplicaci\u00f3n de nuevas tecnolog\u00edas, inclusi\u00f3n, igualdad y motivaci\u00f3n del alumnado adulto.<\/p>\n<p>Asimismo podr\u00e1 realizar estancias de observaci\u00f3n en centros extranjeros para ver c\u00f3mo se implementan diferentes acciones en sus centros.<\/p>\n<div class=\"wp-block-image\"><img loading=\"lazy\" decoding=\"async\" class=\"aligncenter size-medium wp-image-595\" src=\"https:\/\/erasmus.eoiestepona.org\/wp-content\/uploads\/2022\/06\/acreditacion-300x84.jpg\" alt=\"\" width=\"300\" height=\"84\" srcset=\"https:\/\/erasmus.eoiestepona.org\/wp-content\/uploads\/2022\/06\/acreditacion-300x84.jpg 300w, https:\/\/erasmus.eoiestepona.org\/wp-content\/uploads\/2022\/06\/acreditacion-1024x288.jpg 1024w, https:\/\/erasmus.eoiestepona.org\/wp-content\/uploads\/2022\/06\/acreditacion-768x216.jpg 768w, https:\/\/erasmus.eoiestepona.org\/wp-content\/uploads\/2022\/06\/acreditacion.jpg 1071w\" sizes=\"auto, (max-width: 300px) 100vw, 300px\" \/><\/div>\n","protected":false},"excerpt":{"rendered":"<p>La Escuela Oficial de Idiomas de Estepona ha conseguido por segundo a\u00f1o consecutivo su admisi\u00f3n para el programa KA 121 ADU. Este centro contar\u00e1 con un presupuesto importante para que el profesorado del centro pueda realizar movilidades con el objetivo de mejorar sus competencias en diferentes aspectos en concordancia a la acreditaci\u00f3n presentada por el [&hellip;]<\/p>\n","protected":false},"author":1,"featured_media":595,"comment_status":"closed","ping_status":"closed","sticky":false,"template":"","format":"standard","meta":{"footnotes":""},"categories":[4,5],"tags":[12,13,9,7,6,11],"class_list":["post-594","post","type-post","status-publish","format-standard","has-post-thumbnail","hentry","category-escuela","category-formacion","tag-acreditacion","tag-eeooii","tag-eoi","tag-eoiestepona","tag-erasmus","tag-erasmusplus"],"jetpack_featured_media_url":"https:\/\/erasmus.eoiestepona.org\/wp-content\/uploads\/2022\/06\/acreditacion.jpg","_links":{"self":[{"href":"https:\/\/erasmus.eoiestepona.org\/index.php?rest_route=\/wp\/v2\/posts\/594","targetHints":{"allow":["GET"]}}],"collection":[{"href":"https:\/\/erasmus.eoiestepona.org\/index.php?rest_route=\/wp\/v2\/posts"}],"about":[{"href":"https:\/\/erasmus.eoiestepona.org\/index.php?rest_route=\/wp\/v2\/types\/post"}],"author":[{"embeddable":true,"href":"https:\/\/erasmus.eoiestepona.org\/index.php?rest_route=\/wp\/v2\/users\/1"}],"replies":[{"embeddable":true,"href":"https:\/\/erasmus.eoiestepona.org\/index.php?rest_route=%2Fwp%2Fv2%2Fcomments&post=594"}],"version-history":[{"count":1,"href":"https:\/\/erasmus.eoiestepona.org\/index.php?rest_route=\/wp\/v2\/posts\/594\/revisions"}],"predecessor-version":[{"id":596,"href":"https:\/\/erasmus.eoiestepona.org\/index.php?rest_route=\/wp\/v2\/posts\/594\/revisions\/596"}],"wp:featuredmedia":[{"embeddable":true,"href":"https:\/\/erasmus.eoiestepona.org\/index.php?rest_route=\/wp\/v2\/media\/595"}],"wp:attachment":[{"href":"https:\/\/erasmus.eoiestepona.org\/index.php?rest_route=%2Fwp%2Fv2%2Fmedia&parent=594"}],"wp:term":[{"taxonomy":"category","embeddable":true,"href":"https:\/\/erasmus.eoiestepona.org\/index.php?rest_route=%2Fwp%2Fv2%2Fcategories&post=594"},{"taxonomy":"post_tag","embeddable":true,"href":"https:\/\/erasmus.eoiestepona.org\/index.php?rest_route=%2Fwp%2Fv2%2Ftags&post=594"}],"curies":[{"name":"wp","href":"https:\/\/api.w.org\/{rel}","templated":true}]}}